{"id":19014,"date":"2021-06-28T12:03:34","date_gmt":"2021-06-28T15:03:34","guid":{"rendered":"http:\/\/revistabife.com\/?p=19014"},"modified":"2021-06-28T12:03:35","modified_gmt":"2021-06-28T15:03:35","slug":"la-pampa-comienza-a-vacunar-a-personas-de-30-anos-sin-factores-de-riesgo-con-la-llegada-de-9-mil-dosis-de-astrazeneca","status":"publish","type":"post","link":"https:\/\/revistabife.com\/index.php\/2021\/06\/28\/la-pampa-comienza-a-vacunar-a-personas-de-30-anos-sin-factores-de-riesgo-con-la-llegada-de-9-mil-dosis-de-astrazeneca\/","title":{"rendered":"La Pampa comienza a vacunar a personas de 30 a\u00f1os sin factores de riesgo con la llegada de 9 mil dosis de Astrazeneca"},"content":{"rendered":"\n<p class=\"has-drop-cap has-medium-font-size\">El Gobierno de la provincia de La Pampa, a trav\u00e9s del Ministerio de Salud, comunica que en el d\u00eda de ma\u00f1ana 29 de junio se esperan 9000 dosis de vacuna AstraZeneca.<\/p>\n\n\n\n<p class=\"has-medium-font-size\">De este modo se contin\u00faa con el plan estrat\u00e9gico trazado, escalonado y progresivo con las siguientes caracter\u00edsticas:<\/p>\n\n\n\n<p class=\"has-medium-font-size\"><strong>a) Personas de 30 a\u00f1os y m\u00e1s, a\u00fan sin factores de riesgo en orden decreciente de edad y antig\u00fcedad de inscripci\u00f3n.<\/strong><\/p>\n\n\n\n<p class=\"has-medium-font-size\"><br><strong>b) Personas entre 29 y 18 a\u00f1os de edad con comorbilidades.<\/strong><\/p>\n\n\n\n<p class=\"has-medium-font-size\"><br><strong>c) Embarazadas con factores de riesgo (con certificado m\u00e9dico) o expuestas por razones laborales.<\/strong><\/p>\n\n\n\n<p class=\"has-medium-font-size\"><br><strong>d) Personas que se han recuperado de COVID-19 a 30 d\u00edas del diagn\u00f3stico de la enfermedad.<\/strong><\/p>\n\n\n\n<p class=\"has-medium-font-size\"><br><strong>e) Completar esquemas (aplicar segundas dosis) en aquellas personas vacunadas con AstraZeneca durante los meses de abril y mayo (de modo escalonado en el tiempo).<\/strong><\/p>\n\n\n\n<p class=\"has-medium-font-size\">Es importante recordar que se otorgan turnos hasta agotar stock y se retoma inmediatamente al recibir mayor n\u00famero de dosis.&nbsp;<br>Los turnos ser\u00e1n asignados por el sistema inform\u00e1tico, para esto deber\u00e1n estar inscriptos en el sitio&nbsp;<a href=\"https:\/\/noscuidamos.lapampa.gob.ar\/\">https:\/\/noscuidamos.lapampa.gob.ar<\/a>.<\/p>\n","protected":false},"excerpt":{"rendered":"<p>El Gobierno de la provincia de La Pampa, a trav\u00e9s del Ministerio de Salud, comunica<\/p>\n","protected":false},"author":1,"featured_media":2251,"comment_status":"open","ping_status":"open","sticky":false,"template":"","format":"standard","meta":{"om_disable_all_campaigns":false,"_monsterinsights_skip_tracking":false,"_monsterinsights_sitenote_active":false,"_monsterinsights_sitenote_note":"","_monsterinsights_sitenote_category":0,"_uf_show_specific_survey":0,"_uf_disable_surveys":false,"footnotes":""},"categories":[32,1129,1913],"tags":[],"class_list":["post-19014","post","type-post","status-publish","format-standard","has-post-thumbnail","hentry","category-actualidad","category-en-foco","category-porvinciales"],"aioseo_notices":[],"_links":{"self":[{"href":"https:\/\/revistabife.com\/index.php\/wp-json\/wp\/v2\/posts\/19014"}],"collection":[{"href":"https:\/\/revistabife.com\/index.php\/wp-json\/wp\/v2\/posts"}],"about":[{"href":"https:\/\/revistabife.com\/index.php\/wp-json\/wp\/v2\/types\/post"}],"author":[{"embeddable":true,"href":"https:\/\/revistabife.com\/index.php\/wp-json\/wp\/v2\/users\/1"}],"replies":[{"embeddable":true,"href":"https:\/\/revistabife.com\/index.php\/wp-json\/wp\/v2\/comments?post=19014"}],"version-history":[{"count":1,"href":"https:\/\/revistabife.com\/index.php\/wp-json\/wp\/v2\/posts\/19014\/revisions"}],"predecessor-version":[{"id":19015,"href":"https:\/\/revistabife.com\/index.php\/wp-json\/wp\/v2\/posts\/19014\/revisions\/19015"}],"wp:featuredmedia":[{"embeddable":true,"href":"https:\/\/revistabife.com\/index.php\/wp-json\/wp\/v2\/media\/2251"}],"wp:attachment":[{"href":"https:\/\/revistabife.com\/index.php\/wp-json\/wp\/v2\/media?parent=19014"}],"wp:term":[{"taxonomy":"category","embeddable":true,"href":"https:\/\/revistabife.com\/index.php\/wp-json\/wp\/v2\/categories?post=19014"},{"taxonomy":"post_tag","embeddable":true,"href":"https:\/\/revistabife.com\/index.php\/wp-json\/wp\/v2\/tags?post=19014"}],"curies":[{"name":"wp","href":"https:\/\/api.w.org\/{rel}","templated":true}]}}