{"id":18573,"date":"2021-06-14T18:34:50","date_gmt":"2021-06-14T21:34:50","guid":{"rendered":"http:\/\/revistabife.com\/?p=18573"},"modified":"2021-06-14T18:34:52","modified_gmt":"2021-06-14T21:34:52","slug":"analizan-la-vuelta-del-futbol-en-la-pampa-tras-el-descenso-de-los-casos","status":"publish","type":"post","link":"https:\/\/revistabife.com\/index.php\/2021\/06\/14\/analizan-la-vuelta-del-futbol-en-la-pampa-tras-el-descenso-de-los-casos\/","title":{"rendered":"Analizan la vuelta del f\u00fatbol en La Pampa tras el descenso de los casos"},"content":{"rendered":"\n<p class=\"has-drop-cap has-medium-font-size\">El subsecretario de Deportes del Ministerio de Desarrollo Social, Ceferino Almud\u00e9var, recibi\u00f3 a los principales dirigentes de las ligas Cultural y Pampeana para avanzar sobre\u00a0 posibles calendarios para la reanudaci\u00f3n de las competiciones. \u00a0<\/p>\n\n\n\n<p class=\"has-medium-font-size\">En este marco, los dirigentes liguistas solicitaron que el regreso de las competencias federadas se programe para el mes de agosto en las divisiones primera y juveniles y que el Provincial -previsto originalmente para mediados de este a\u00f1o- se dispute en enero de 2022.<\/p>\n\n\n\n<p class=\"has-medium-font-size\">En cuanto a infantiles e inferiores, el pedido fue que la vuelta de la actividad sea a mediados de julio.<\/p>\n\n\n\n<p class=\"has-medium-font-size\">Almud\u00e9var aclar\u00f3 que la respuesta depender\u00e1 de la evoluci\u00f3n de la situaci\u00f3n sanitaria de la Provincia, pero se mostr\u00f3 expectante debido al descenso de casos en las \u00faltimas semanas y la sostenida campa\u00f1a de vacunaci\u00f3n que se lleva adelante.<\/p>\n\n\n\n<p class=\"has-medium-font-size\">Ahora, en la continuidad del trabajo conjunto -que incluy\u00f3, por ejemplo, aportes econ\u00f3micos para hacer frente a la prohibici\u00f3n de jugar con p\u00fablico- las partes volver\u00e1n a reunirse a fines de este mes para avanzar en pos del retorno de actividad, actualmente suspendida debido a las medidas dispuestas para controlar los casos de COVID en La Pampa y el pa\u00eds.<\/p>\n\n\n\n<p class=\"has-medium-font-size\">De la reuni\u00f3n formaron parte los presidentes de cada Liga, Guillermo Rechimont y Norberto Cuevas, el vice de la Cultural, Alfredo Iturri y el tesorero de la Pampeana, Martin Cantallops.<\/p>\n","protected":false},"excerpt":{"rendered":"<p>El subsecretario de Deportes del Ministerio de Desarrollo Social, Ceferino Almud\u00e9var, recibi\u00f3 a los principales<\/p>\n","protected":false},"author":1,"featured_media":18574,"comment_status":"open","ping_status":"open","sticky":false,"template":"","format":"standard","meta":{"om_disable_all_campaigns":false,"_monsterinsights_skip_tracking":false,"_monsterinsights_sitenote_active":false,"_monsterinsights_sitenote_note":"","_monsterinsights_sitenote_category":0,"_uf_show_specific_survey":0,"_uf_disable_surveys":false,"footnotes":""},"categories":[32,1129,1913],"tags":[],"class_list":["post-18573","post","type-post","status-publish","format-standard","has-post-thumbnail","hentry","category-actualidad","category-en-foco","category-porvinciales"],"aioseo_notices":[],"_links":{"self":[{"href":"https:\/\/revistabife.com\/index.php\/wp-json\/wp\/v2\/posts\/18573"}],"collection":[{"href":"https:\/\/revistabife.com\/index.php\/wp-json\/wp\/v2\/posts"}],"about":[{"href":"https:\/\/revistabife.com\/index.php\/wp-json\/wp\/v2\/types\/post"}],"author":[{"embeddable":true,"href":"https:\/\/revistabife.com\/index.php\/wp-json\/wp\/v2\/users\/1"}],"replies":[{"embeddable":true,"href":"https:\/\/revistabife.com\/index.php\/wp-json\/wp\/v2\/comments?post=18573"}],"version-history":[{"count":1,"href":"https:\/\/revistabife.com\/index.php\/wp-json\/wp\/v2\/posts\/18573\/revisions"}],"predecessor-version":[{"id":18575,"href":"https:\/\/revistabife.com\/index.php\/wp-json\/wp\/v2\/posts\/18573\/revisions\/18575"}],"wp:featuredmedia":[{"embeddable":true,"href":"https:\/\/revistabife.com\/index.php\/wp-json\/wp\/v2\/media\/18574"}],"wp:attachment":[{"href":"https:\/\/revistabife.com\/index.php\/wp-json\/wp\/v2\/media?parent=18573"}],"wp:term":[{"taxonomy":"category","embeddable":true,"href":"https:\/\/revistabife.com\/index.php\/wp-json\/wp\/v2\/categories?post=18573"},{"taxonomy":"post_tag","embeddable":true,"href":"https:\/\/revistabife.com\/index.php\/wp-json\/wp\/v2\/tags?post=18573"}],"curies":[{"name":"wp","href":"https:\/\/api.w.org\/{rel}","templated":true}]}}