{"id":18370,"date":"2021-06-08T11:30:50","date_gmt":"2021-06-08T14:30:50","guid":{"rendered":"http:\/\/revistabife.com\/?p=18370"},"modified":"2021-06-08T11:30:52","modified_gmt":"2021-06-08T14:30:52","slug":"paro-de-choferes-de-micros-interprovinciales","status":"publish","type":"post","link":"https:\/\/revistabife.com\/index.php\/2021\/06\/08\/paro-de-choferes-de-micros-interprovinciales\/","title":{"rendered":"Paro de choferes de micros interprovinciales"},"content":{"rendered":"\n<p class=\"has-drop-cap has-medium-font-size\">La Uni\u00f3n Tranviarios Automotor seccional La Pampa inform\u00f3 que esta ma\u00f1ana r<strong>ealizan una medida de acci\u00f3n gremial directa por la falta de pago de haberes<\/strong> \u201cen algunas empresas que tienen a cargo l\u00edneas provinciales\u201d.<\/p>\n\n\n\n<p class=\"has-medium-font-size\"><strong>El paro afecta a todas las l\u00edneas que se movilizan entre localidades de La Pampa.<\/strong><\/p>\n\n\n\n<p class=\"has-medium-font-size\">En un comunicado de prensa informaron que ante el \u201cincumplimiento de pago de haberes en tiempo y forma por parte de algunas de las empresas que tienen a su cargo los servicios de l\u00edneas provinciales, se ha tomado la determinaci\u00f3n de llevar a cabo desde las 11 horas del d\u00eda 08 de Junio del a\u00f1o 2021\u201d<\/p>\n\n\n\n<p class=\"has-medium-font-size\">\u201cLa retenci\u00f3n total de tareas\u201d se hace \u201chasta tanto las empresas abonen los salarios adeudados a todos los trabajadores\u201d, indicaron.<\/p>\n\n\n\n<p class=\"has-medium-font-size\">\u201cAgradecemos a todos los compa\u00f1eros y compa\u00f1eras el apoyo constante y conocedores de la problem\u00e1tica que atraviesan todos los trabajadores no estamos dispuestos a seguir tolerando situaciones que agravan m\u00e1s a\u00fan el alicaido bolsillo de todas las familias de U.T.A\u201d, finalizaron.<\/p>\n","protected":false},"excerpt":{"rendered":"<p>La Uni\u00f3n Tranviarios Automotor seccional La Pampa inform\u00f3 que esta ma\u00f1ana realizan una medida de<\/p>\n","protected":false},"author":1,"featured_media":18371,"comment_status":"open","ping_status":"open","sticky":false,"template":"","format":"standard","meta":{"om_disable_all_campaigns":false,"_monsterinsights_skip_tracking":false,"_monsterinsights_sitenote_active":false,"_monsterinsights_sitenote_note":"","_monsterinsights_sitenote_category":0,"_uf_show_specific_survey":0,"_uf_disable_surveys":false,"footnotes":""},"categories":[32,1129,1913],"tags":[],"class_list":["post-18370","post","type-post","status-publish","format-standard","has-post-thumbnail","hentry","category-actualidad","category-en-foco","category-porvinciales"],"aioseo_notices":[],"_links":{"self":[{"href":"https:\/\/revistabife.com\/index.php\/wp-json\/wp\/v2\/posts\/18370"}],"collection":[{"href":"https:\/\/revistabife.com\/index.php\/wp-json\/wp\/v2\/posts"}],"about":[{"href":"https:\/\/revistabife.com\/index.php\/wp-json\/wp\/v2\/types\/post"}],"author":[{"embeddable":true,"href":"https:\/\/revistabife.com\/index.php\/wp-json\/wp\/v2\/users\/1"}],"replies":[{"embeddable":true,"href":"https:\/\/revistabife.com\/index.php\/wp-json\/wp\/v2\/comments?post=18370"}],"version-history":[{"count":1,"href":"https:\/\/revistabife.com\/index.php\/wp-json\/wp\/v2\/posts\/18370\/revisions"}],"predecessor-version":[{"id":18372,"href":"https:\/\/revistabife.com\/index.php\/wp-json\/wp\/v2\/posts\/18370\/revisions\/18372"}],"wp:featuredmedia":[{"embeddable":true,"href":"https:\/\/revistabife.com\/index.php\/wp-json\/wp\/v2\/media\/18371"}],"wp:attachment":[{"href":"https:\/\/revistabife.com\/index.php\/wp-json\/wp\/v2\/media?parent=18370"}],"wp:term":[{"taxonomy":"category","embeddable":true,"href":"https:\/\/revistabife.com\/index.php\/wp-json\/wp\/v2\/categories?post=18370"},{"taxonomy":"post_tag","embeddable":true,"href":"https:\/\/revistabife.com\/index.php\/wp-json\/wp\/v2\/tags?post=18370"}],"curies":[{"name":"wp","href":"https:\/\/api.w.org\/{rel}","templated":true}]}}