{"id":1299,"date":"2019-12-17T20:02:39","date_gmt":"2019-12-17T23:02:39","guid":{"rendered":"http:\/\/revistabife.com\/?p=1299"},"modified":"2019-12-17T21:31:21","modified_gmt":"2019-12-18T00:31:21","slug":"capturaron-al-feroz-agresor-de-nadia","status":"publish","type":"post","link":"https:\/\/revistabife.com\/index.php\/2019\/12\/17\/capturaron-al-feroz-agresor-de-nadia\/","title":{"rendered":"Capturaron al feroz agresor de Nadia"},"content":{"rendered":"\n<p class=\"has-drop-cap has-medium-font-size\">Detuvieron a Laureano Gonz\u00e1lez, el feroz agresor de Nadia Lucero, hace pocos minutos sobre la calle Ferreyra del barrio Santa Mar\u00eda de La Pampa. Ya est\u00e1 en una celda de la Brigada de Investigaciones. <\/p>\n\n\n\n<p class=\"has-medium-font-size\">Gonz\u00e1lez se encontraba pr\u00f3fugo desde el domingo por la noche, cuando dej\u00f3 el cuerpo casi muerto de Nadia en la guardia del hospital Lucio Molas.<\/p>\n","protected":false},"excerpt":{"rendered":"<p>Detuvieron a Laureano Gonz\u00e1lez, el feroz agresor de Nadia Lucero, hace pocos minutos sobre la<\/p>\n","protected":false},"author":1,"featured_media":1301,"comment_status":"open","ping_status":"open","sticky":false,"template":"","format":"standard","meta":{"om_disable_all_campaigns":false,"_monsterinsights_skip_tracking":false,"_monsterinsights_sitenote_active":false,"_monsterinsights_sitenote_note":"","_monsterinsights_sitenote_category":0,"_uf_show_specific_survey":0,"_uf_disable_surveys":false,"footnotes":""},"categories":[32],"tags":[99,300,42,44,84],"class_list":["post-1299","post","type-post","status-publish","format-standard","has-post-thumbnail","hentry","category-actualidad","tag-actualidad","tag-agresor","tag-bife","tag-la-pampa","tag-violencia"],"aioseo_notices":[],"_links":{"self":[{"href":"https:\/\/revistabife.com\/index.php\/wp-json\/wp\/v2\/posts\/1299"}],"collection":[{"href":"https:\/\/revistabife.com\/index.php\/wp-json\/wp\/v2\/posts"}],"about":[{"href":"https:\/\/revistabife.com\/index.php\/wp-json\/wp\/v2\/types\/post"}],"author":[{"embeddable":true,"href":"https:\/\/revistabife.com\/index.php\/wp-json\/wp\/v2\/users\/1"}],"replies":[{"embeddable":true,"href":"https:\/\/revistabife.com\/index.php\/wp-json\/wp\/v2\/comments?post=1299"}],"version-history":[{"count":3,"href":"https:\/\/revistabife.com\/index.php\/wp-json\/wp\/v2\/posts\/1299\/revisions"}],"predecessor-version":[{"id":1303,"href":"https:\/\/revistabife.com\/index.php\/wp-json\/wp\/v2\/posts\/1299\/revisions\/1303"}],"wp:featuredmedia":[{"embeddable":true,"href":"https:\/\/revistabife.com\/index.php\/wp-json\/wp\/v2\/media\/1301"}],"wp:attachment":[{"href":"https:\/\/revistabife.com\/index.php\/wp-json\/wp\/v2\/media?parent=1299"}],"wp:term":[{"taxonomy":"category","embeddable":true,"href":"https:\/\/revistabife.com\/index.php\/wp-json\/wp\/v2\/categories?post=1299"},{"taxonomy":"post_tag","embeddable":true,"href":"https:\/\/revistabife.com\/index.php\/wp-json\/wp\/v2\/tags?post=1299"}],"curies":[{"name":"wp","href":"https:\/\/api.w.org\/{rel}","templated":true}]}}