{"id":12576,"date":"2021-02-02T09:39:37","date_gmt":"2021-02-02T12:39:37","guid":{"rendered":"http:\/\/revistabife.com\/?p=12576"},"modified":"2021-02-02T09:39:39","modified_gmt":"2021-02-02T12:39:39","slug":"cfk-convoco-a-la-camara-por-primera-vez-en-2021-para-sesiones-extraordinarias","status":"publish","type":"post","link":"https:\/\/revistabife.com\/index.php\/2021\/02\/02\/cfk-convoco-a-la-camara-por-primera-vez-en-2021-para-sesiones-extraordinarias\/","title":{"rendered":"CFK convoc\u00f3 a la C\u00e1mara por primera vez en 2021 para sesiones extraordinarias"},"content":{"rendered":"\n<p class=\"has-drop-cap has-medium-font-size\">El Senado de la Naci\u00f3n&nbsp;<strong>realizar\u00e1 este jueves 4 de febrero su primera sesi\u00f3n extraordinaria en el a\u00f1o 2021 para debatir un proyecto de reforma de la Ley de Defensa de la Competencia y votar los acuerdos para la designaci\u00f3n de jueces y diplom\u00e1ticos.<\/strong><\/p>\n\n\n\n<p class=\"has-medium-font-size\">La vicepresidenta&nbsp;<strong>Cristina Fern\u00e1ndez de Kirchner convoc\u00f3 a la sesi\u00f3n especial que se realizar\u00e1 en forma remota, con una m\u00ednima presencia de legisladores en el recinto de sesiones y el resto a trav\u00e9s del sistema virtual.<\/strong><\/p>\n\n\n\n<p class=\"has-medium-font-size\">La reuni\u00f3n del pleno del cuerpo legislativo ser\u00e1 la primera actividad del periodo extraordinario, dado que, tal como se acord\u00f3 el 30 de diciembre \u00faltimo, en enero hubo asueto en el Senado.<\/p>\n\n\n\n<figure class=\"wp-block-image\"><img decoding=\"async\" src=\"https:\/\/www.filo.news\/export\/sites\/claro\/img\/2021\/02\/02\/1604002380201029658.jpg_158021514.jpg\" alt=\"\"\/><\/figure>\n\n\n\n<p class=\"has-medium-font-size\">El temario previsto para el jueves incluye un proyecto de la senadora Ana Almir\u00f3n para reformar el tribunal de Defensa de la Competencia en cuanto a la conformaci\u00f3n y el funcionamiento de la Autoridad Nacional de la Competencia.<\/p>\n\n\n\n<p class=\"has-medium-font-size\">Uno de los cambios consiste en que la designaci\u00f3n del Poder Ejecutivo sea a trav\u00e9s de las propuestas del Ministerio de Desarrollo Productivo de la Naci\u00f3n, pasando por la revisi\u00f3n del Congreso para su aprobaci\u00f3n final.<\/p>\n\n\n\n<p class=\"has-medium-font-size\">Adem\u00e1s, en la sesi\u00f3n se tratar\u00e1n una serie de dict\u00e1menes de la comisi\u00f3n de Acuerdos sobre designaci\u00f3n de jueces y magistrados.<\/p>\n\n\n\n<p class=\"has-medium-font-size\">La sesi\u00f3n se realizar\u00e1 de manera virtual, con la presencia de un n\u00famero acotado de senadores presentes y el resto conectados de manera remota.<\/p>\n\n\n\n<p class=\"has-medium-font-size\">Vale recordar que&nbsp;<strong>durante el mes de diciembre del 2020, el presidente de la Naci\u00f3n, Alberto Fern\u00e1ndez, convoc\u00f3 a sesiones Extraordinarias con la intenci\u00f3n de que al menos en Diputados se buscar\u00eda sesionar a partir de la segunda quincena de enero.<\/strong><\/p>\n\n\n\n<p class=\"has-medium-font-size\">Sin embargo, en lo que se estima una falta de votos por parte del oficialismo para poder sancionar las leyes de Reforma Judicial, de Reforma del Ministerio P\u00fablico Fiscal y la suspensi\u00f3n de las&nbsp; Primarias Abiertas Simult\u00e1neas y Obligatorias (PASO), posterga una vez m\u00e1s el debate en dicha C\u00e1mara.&nbsp;<\/p>\n\n\n\n<p class=\"has-medium-font-size\">En el caso del Senado el periodo ordinario termin\u00f3 en la ma\u00f1ana del 30 de diciembre cuando el Senado convirti\u00f3 en ley la interrupci\u00f3n voluntaria del embarazo, as\u00ed como la legislaci\u00f3n sobre los 1000&nbsp;D\u00edas. Tras levantar la sesi\u00f3n, Cristina&nbsp;Kirchner inform\u00f3 que habr\u00eda receso todo el mes de enero.<\/p>\n","protected":false},"excerpt":{"rendered":"<p>El Senado de la Naci\u00f3n&nbsp;realizar\u00e1 este jueves 4 de febrero su primera sesi\u00f3n extraordinaria en<\/p>\n","protected":false},"author":1,"featured_media":5129,"comment_status":"open","ping_status":"open","sticky":false,"template":"","format":"standard","meta":{"om_disable_all_campaigns":false,"_monsterinsights_skip_tracking":false,"_monsterinsights_sitenote_active":false,"_monsterinsights_sitenote_note":"","_monsterinsights_sitenote_category":0,"_uf_show_specific_survey":0,"_uf_disable_surveys":false,"footnotes":""},"categories":[32,1129],"tags":[],"class_list":["post-12576","post","type-post","status-publish","format-standard","has-post-thumbnail","hentry","category-actualidad","category-en-foco"],"aioseo_notices":[],"_links":{"self":[{"href":"https:\/\/revistabife.com\/index.php\/wp-json\/wp\/v2\/posts\/12576"}],"collection":[{"href":"https:\/\/revistabife.com\/index.php\/wp-json\/wp\/v2\/posts"}],"about":[{"href":"https:\/\/revistabife.com\/index.php\/wp-json\/wp\/v2\/types\/post"}],"author":[{"embeddable":true,"href":"https:\/\/revistabife.com\/index.php\/wp-json\/wp\/v2\/users\/1"}],"replies":[{"embeddable":true,"href":"https:\/\/revistabife.com\/index.php\/wp-json\/wp\/v2\/comments?post=12576"}],"version-history":[{"count":1,"href":"https:\/\/revistabife.com\/index.php\/wp-json\/wp\/v2\/posts\/12576\/revisions"}],"predecessor-version":[{"id":12580,"href":"https:\/\/revistabife.com\/index.php\/wp-json\/wp\/v2\/posts\/12576\/revisions\/12580"}],"wp:featuredmedia":[{"embeddable":true,"href":"https:\/\/revistabife.com\/index.php\/wp-json\/wp\/v2\/media\/5129"}],"wp:attachment":[{"href":"https:\/\/revistabife.com\/index.php\/wp-json\/wp\/v2\/media?parent=12576"}],"wp:term":[{"taxonomy":"category","embeddable":true,"href":"https:\/\/revistabife.com\/index.php\/wp-json\/wp\/v2\/categories?post=12576"},{"taxonomy":"post_tag","embeddable":true,"href":"https:\/\/revistabife.com\/index.php\/wp-json\/wp\/v2\/tags?post=12576"}],"curies":[{"name":"wp","href":"https:\/\/api.w.org\/{rel}","templated":true}]}}