{"id":1233,"date":"2019-12-13T15:14:49","date_gmt":"2019-12-13T18:14:49","guid":{"rendered":"http:\/\/revistabife.com\/?p=1233"},"modified":"2019-12-13T16:15:48","modified_gmt":"2019-12-13T19:15:48","slug":"altolaguirre-ya-tiene-nuevo-cargo","status":"publish","type":"post","link":"https:\/\/revistabife.com\/index.php\/2019\/12\/13\/altolaguirre-ya-tiene-nuevo-cargo\/","title":{"rendered":"Altolaguirre ya tiene nuevo cargo"},"content":{"rendered":"\n<p class=\"has-drop-cap has-medium-font-size\">Pablo Pera Ibarguren, presidente del bloque de concejales del FrePam,  inform\u00f3 a las autoridades del Concejo Deliberante que Leandro Altolaguirre, quien termin\u00f3 su mandato como intendente hace d\u00edas, ser\u00e1 nuevo asesor de la bancada opositora.<\/p>\n\n\n\n<p class=\"has-medium-font-size\">El ex intendente es actualmente empleado de planta de la Legislatura Provincial, si bien se baraj\u00f3 la posibilidad de que cumpla el rol de asesor en la C\u00e1mara de Diputados, se decidi\u00f3 que asesorar\u00e1 al bloque de concejales de su partido. <\/p>\n","protected":false},"excerpt":{"rendered":"<p>Pablo Pera Ibarguren, presidente del bloque de concejales del FrePam, inform\u00f3 a las autoridades del<\/p>\n","protected":false},"author":1,"featured_media":1237,"comment_status":"open","ping_status":"open","sticky":false,"template":"","format":"standard","meta":{"om_disable_all_campaigns":false,"_monsterinsights_skip_tracking":false,"_monsterinsights_sitenote_active":false,"_monsterinsights_sitenote_note":"","_monsterinsights_sitenote_category":0,"_uf_show_specific_survey":0,"_uf_disable_surveys":false,"footnotes":""},"categories":[32],"tags":[237,266,267,268,95,43],"class_list":["post-1233","post","type-post","status-publish","format-standard","has-post-thumbnail","hentry","category-actualidad","tag-altolaguirre","tag-concejales","tag-frepam","tag-ibarguren","tag-radicalismo","tag-santa-rosa"],"aioseo_notices":[],"_links":{"self":[{"href":"https:\/\/revistabife.com\/index.php\/wp-json\/wp\/v2\/posts\/1233"}],"collection":[{"href":"https:\/\/revistabife.com\/index.php\/wp-json\/wp\/v2\/posts"}],"about":[{"href":"https:\/\/revistabife.com\/index.php\/wp-json\/wp\/v2\/types\/post"}],"author":[{"embeddable":true,"href":"https:\/\/revistabife.com\/index.php\/wp-json\/wp\/v2\/users\/1"}],"replies":[{"embeddable":true,"href":"https:\/\/revistabife.com\/index.php\/wp-json\/wp\/v2\/comments?post=1233"}],"version-history":[{"count":3,"href":"https:\/\/revistabife.com\/index.php\/wp-json\/wp\/v2\/posts\/1233\/revisions"}],"predecessor-version":[{"id":1246,"href":"https:\/\/revistabife.com\/index.php\/wp-json\/wp\/v2\/posts\/1233\/revisions\/1246"}],"wp:featuredmedia":[{"embeddable":true,"href":"https:\/\/revistabife.com\/index.php\/wp-json\/wp\/v2\/media\/1237"}],"wp:attachment":[{"href":"https:\/\/revistabife.com\/index.php\/wp-json\/wp\/v2\/media?parent=1233"}],"wp:term":[{"taxonomy":"category","embeddable":true,"href":"https:\/\/revistabife.com\/index.php\/wp-json\/wp\/v2\/categories?post=1233"},{"taxonomy":"post_tag","embeddable":true,"href":"https:\/\/revistabife.com\/index.php\/wp-json\/wp\/v2\/tags?post=1233"}],"curies":[{"name":"wp","href":"https:\/\/api.w.org\/{rel}","templated":true}]}}